{"id":717,"date":"2021-07-13T10:25:02","date_gmt":"2021-07-13T10:25:02","guid":{"rendered":"https:\/\/eid4spain19.webs.upv.es\/?p=717"},"modified":"2021-10-28T10:40:32","modified_gmt":"2021-10-28T10:40:32","slug":"eid4spain-19-fue-presentado-en-el-congreso-inforslud2021","status":"publish","type":"post","link":"https:\/\/eid4spain19.webs.upv.es\/index.php\/2021\/07\/13\/eid4spain-19-fue-presentado-en-el-congreso-inforslud2021\/","title":{"rendered":"eID4Spain-19 fue presentado en el congreso Infors@lud2021"},"content":{"rendered":"\n<p>El proyecto eID4SPain19 fue presentado en el&nbsp; XXIV Congreso Nacional de Inform\u00e1tica de la Salud, que en esta edici\u00f3n propone el lema \u201dLa evoluci\u00f3n del ecosistema digital en Salud\u201d. La presentaci\u00f3n estuvo a cargo de David de Mena Garc\u00eda, responsable del proyecto en El Servicio Andaluz de Salud. El congreso fue organizado por la <strong>Sociedad Espa\u00f1ola de Inform\u00e1tica de la Salud y tuvo lugar los d\u00edas 21, 22 y 23 de junio en Madrid<\/strong>.<\/p>\n\n\n\n<p>El evento reuni\u00f3 a las principales agentes presentes en el sector con el fin de abrir un espacio para la reflexi\u00f3n y el debate alrededor de los principales retos afrontados por el sector salud en Espa\u00f1a. El evento permiti\u00f3 un an\u00e1lisis profundo del escenario del sistema sanitario espa\u00f1ol tras la aparici\u00f3n de la pandemia de 2020 y la proyecci\u00f3n de las soluciones en el futuro cercano para un mejor servicio a la sociedad.<\/p>\n\n\n\n<p>El evento sin embargo tambi\u00e9n abord\u00f3 otras tem\u00e1ticas de gran importancia como son el uso de las tecnolog\u00edas de la informaci\u00f3n y la Inteligencia Artificial para el diagn\u00f3stico, tratamiento y gesti\u00f3n de enfermedades tan diversas y con alto impacto en las sociedades de hoy, como pueden ser la depresi\u00f3n y el c\u00e1ncer.&nbsp;&nbsp;<\/p>\n\n\n\n<p>El gran \u00e9xito del evento, comprobado en la convocatoria de expertos provenientes de las principales entidades del sector privado, los servicios de salud de las comunidades aut\u00f3nomas y la presidencia honor\u00edfica de S.M. El Rey Felipe Sexto, son la prueba fehaciente del grado de compenetraci\u00f3n de dos sectores cuyo v\u00ednculo permitir\u00e1 disminuir las muertes y la extinci\u00f3n de muchas enfermedades y que mejorar\u00e1 la calidad de vida tanto de los actores del sector sanitario como la de los pacientes y en definitiva una sociedad con una mayor capacidad para hacer frente a retos a\u00fan desconocidos y que est\u00e1n por venir.&nbsp;<\/p>\n\n\n\n<p>Para m\u00e1s informaci\u00f3n:<\/p>\n\n\n\n<div class=\"wp-block-image\"><figure class=\"aligncenter size-large is-resized\"><img loading=\"lazy\" decoding=\"async\" src=\"https:\/\/eid4spain19.webs.upv.es\/wp-content\/uploads\/2021\/07\/logocef-1024x179.png\" alt=\"\" class=\"wp-image-842\" width=\"575\" height=\"100\" srcset=\"https:\/\/eid4spain19.webs.upv.es\/wp-content\/uploads\/2021\/07\/logocef-1024x179.png 1024w, https:\/\/eid4spain19.webs.upv.es\/wp-content\/uploads\/2021\/07\/logocef-300x53.png 300w, https:\/\/eid4spain19.webs.upv.es\/wp-content\/uploads\/2021\/07\/logocef-768x135.png 768w, https:\/\/eid4spain19.webs.upv.es\/wp-content\/uploads\/2021\/07\/logocef-1536x269.png 1536w, https:\/\/eid4spain19.webs.upv.es\/wp-content\/uploads\/2021\/07\/logocef-2048x359.png 2048w\" sizes=\"auto, (max-width: 575px) 100vw, 575px\" \/><\/figure><\/div>\n\n\n\n<p><a href=\"https:\/\/seis.es\/wp-content\/uploads\/2021\/06\/Programa-Inforsalud-2021.pdf\">Programa-Inforsalud-2021.pdf (seis.es)<\/a><\/p>\n\n\n\n<p class=\"has-text-align-center\"><em>El contenido de esta publicaci\u00f3n es responsabilidad exclusiva de la Universitat Polit\u00e8cnica de Val\u00e8ncia y no refleja necesariamente la opini\u00f3n de la Uni\u00f3n Europea.<\/em><\/p>\n","protected":false},"excerpt":{"rendered":"<p>El proyecto eID4SPain19 fue presentado en el&nbsp; XXIV Congreso Nacional de Inform\u00e1tica de la Salud, que en esta edici\u00f3n propone el lema \u201dLa evoluci\u00f3n del&hellip;<\/p>\n","protected":false},"author":1,"featured_media":723,"comment_status":"open","ping_status":"closed","sticky":false,"template":"","format":"standard","meta":{"footnotes":""},"categories":[1],"tags":[],"class_list":["post-717","post","type-post","status-publish","format-standard","has-post-thumbnail","hentry","category-project-eid4spain19-project-eid4spain19"],"_links":{"self":[{"href":"https:\/\/eid4spain19.webs.upv.es\/index.php\/wp-json\/wp\/v2\/posts\/717","targetHints":{"allow":["GET"]}}],"collection":[{"href":"https:\/\/eid4spain19.webs.upv.es\/index.php\/wp-json\/wp\/v2\/posts"}],"about":[{"href":"https:\/\/eid4spain19.webs.upv.es\/index.php\/wp-json\/wp\/v2\/types\/post"}],"author":[{"embeddable":true,"href":"https:\/\/eid4spain19.webs.upv.es\/index.php\/wp-json\/wp\/v2\/users\/1"}],"replies":[{"embeddable":true,"href":"https:\/\/eid4spain19.webs.upv.es\/index.php\/wp-json\/wp\/v2\/comments?post=717"}],"version-history":[{"count":6,"href":"https:\/\/eid4spain19.webs.upv.es\/index.php\/wp-json\/wp\/v2\/posts\/717\/revisions"}],"predecessor-version":[{"id":844,"href":"https:\/\/eid4spain19.webs.upv.es\/index.php\/wp-json\/wp\/v2\/posts\/717\/revisions\/844"}],"wp:featuredmedia":[{"embeddable":true,"href":"https:\/\/eid4spain19.webs.upv.es\/index.php\/wp-json\/wp\/v2\/media\/723"}],"wp:attachment":[{"href":"https:\/\/eid4spain19.webs.upv.es\/index.php\/wp-json\/wp\/v2\/media?parent=717"}],"wp:term":[{"taxonomy":"category","embeddable":true,"href":"https:\/\/eid4spain19.webs.upv.es\/index.php\/wp-json\/wp\/v2\/categories?post=717"},{"taxonomy":"post_tag","embeddable":true,"href":"https:\/\/eid4spain19.webs.upv.es\/index.php\/wp-json\/wp\/v2\/tags?post=717"}],"curies":[{"name":"wp","href":"https:\/\/api.w.org\/{rel}","templated":true}]}}